{"id":77189,"date":"2023-03-27T06:04:06","date_gmt":"2023-03-27T04:04:06","guid":{"rendered":"https:\/\/elismurcia.com\/elis-murcia-hosts-the-well-known-el-valle-trail-race-at-its-montevida-campus\/"},"modified":"2024-04-23T14:40:18","modified_gmt":"2024-04-23T12:40:18","slug":"elis-murcia-carrera-el-valle-trail-campus-montevida","status":"publish","type":"school_news","link":"https:\/\/elismurcia.com\/es\/noticias-escolares\/elis-murcia-carrera-el-valle-trail-campus-montevida\/","title":{"rendered":"El Valle Trail en nuestro campus de Montevida"},"content":{"rendered":"<div class=\"wpb-content-wrapper\"><p>[vc_row][vc_column][vc_column_text]El pasado s\u00e1bado nuestro colegio particip\u00f3 en el que posiblemente ha sido el mayor evento deportivo de su ya larga historia.: El Valle Trail. Se trata de la 15\u00aa edici\u00f3n de una de las citas m\u00e1s se\u00f1aladas con la monta\u00f1a, enmarcada en los circuitos oficiales Trail Tour y Ultra Trail Tour de la Federaci\u00f3n de Atletismo de la Regi\u00f3n de Murcia y que cuenta con el Parque Regional El Valle y Carrascoy como testigo.<\/p>\n<p>&nbsp;<\/p>\n<p>Las instalaciones de nuestro campus de Montevida acogieron tanto la salida como la meta y entrega de premios de esta carrera dotada de 3 distancias de 15, 30 y 50 kms, as\u00ed como la posterior comida y celebraci\u00f3n.<\/p>\n<p>&nbsp;<\/p>\n<p>M\u00e1s de 600 corredores venidos de diferentes puntos de la geograf\u00eda espa\u00f1ola, y con alguna presencia internacional, participaron en esta exigente carrera en la que se llega a superar los 3.000 metros de desnivel. Se trata de una carrera con amplio reconocimiento y que genera mucha expectaci\u00f3n en el sector, lo que justifica la lista de espera de m\u00e1s de 200 candidatos que se quedaron con las ganas de participar.<\/p>\n<p>&nbsp;<\/p>\n<p>Nuestros valores y cuidado del bienestar de nuestra comunidad est\u00e1n en el centro de todo lo que hacemos, y sin duda la pr\u00e1ctica deportiva adecuada contribuye positivamente a nuestro d\u00eda a d\u00eda. Por ello, esperamos seguir estrechando esta colaboraci\u00f3n de cara al pr\u00f3ximo curso acad\u00e9mico, aport\u00e1ndole un interesante \u201ctoque ELIS\u201d a la pr\u00f3xima edici\u00f3n que esperamos sea muy del agrado de nuestra comunidad. \u00a1Permaneced atentos!<\/p>\n<p>&nbsp;<\/p>\n<p><a href=\"https:\/\/murciaplaza.com\/mas-de-medio-millar-de-corredores-participaran-en-el-valle-trail-xv-con-salida-y-meta-en-el-colegio-elis-murcia\">https:\/\/murciaplaza.com\/mas-de-medio-millar-de-corredores-participaran-en-el-valle-trail-xv-con-salida-y-meta-en-el-colegio-elis-murcia<\/a>[\/vc_column_text][\/vc_column][\/vc_row]<\/p>\n<\/div>","protected":false},"excerpt":{"rendered":"<p>El pasado s\u00e1bado nuestro colegio particip\u00f3 en el que posiblemente ha sido el mayor evento deportivo de su ya larga historia.: El Valle Trail. Se trata de la 15\u00aa edici\u00f3n de una de las citas m\u00e1s se\u00f1aladas con la monta\u00f1a, enmarcada en los circuitos oficiales Trail Tour y Ultra Trail Tour de la Federaci\u00f3n de Atletismo de la Regi\u00f3n de Murcia y que cuenta con el Parque Regional El Valle y Carrascoy como testigo.<\/p>\n","protected":false},"author":483,"featured_media":74485,"parent":0,"menu_order":0,"template":"","meta":{"_acf_changed":false,"footnotes":""},"news-category":[239],"news-tag":[],"class_list":["post-77189","school_news","type-school_news","status-publish","has-post-thumbnail","hentry","news-category-vida-escolar"],"acf":[],"yoast_head":"<!-- This site is optimized with the Yoast SEO plugin v27.4 - https:\/\/yoast.com\/product\/yoast-seo-wordpress\/ -->\n<title>El Valle Trail en nuestro campus de Montevida - ELIS El Limonar International British School Of Murcia<\/title>\n<meta name=\"robots\" content=\"index, follow, max-snippet:-1, max-image-preview:large, max-video-preview:-1\" \/>\n<link rel=\"canonical\" href=\"https:\/\/elismurcia.com\/es\/noticias-escolares\/elis-murcia-carrera-el-valle-trail-campus-montevida\/\" \/>\n<meta property=\"og:locale\" content=\"es_ES\" \/>\n<meta property=\"og:type\" content=\"article\" \/>\n<meta property=\"og:title\" content=\"El Valle Trail en nuestro campus de Montevida - ELIS El Limonar International British School Of Murcia\" \/>\n<meta property=\"og:description\" content=\"El pasado s\u00e1bado nuestro colegio particip\u00f3 en el que posiblemente ha sido el mayor evento deportivo de su ya larga historia.: El Valle Trail. Se trata de la 15\u00aa edici\u00f3n de una de las citas m\u00e1s se\u00f1aladas con la monta\u00f1a, enmarcada en los circuitos oficiales Trail Tour y Ultra Trail Tour de la Federaci\u00f3n de Atletismo de la Regi\u00f3n de Murcia y que cuenta con el Parque Regional El Valle y Carrascoy como testigo.\" \/>\n<meta property=\"og:url\" content=\"https:\/\/elismurcia.com\/es\/noticias-escolares\/elis-murcia-carrera-el-valle-trail-campus-montevida\/\" \/>\n<meta property=\"og:site_name\" content=\"ELIS El Limonar International British School Of Murcia\" \/>\n<meta property=\"article:modified_time\" content=\"2024-04-23T12:40:18+00:00\" \/>\n<meta property=\"og:image\" content=\"https:\/\/elismurcia.com\/wp-content\/uploads\/sites\/110\/2023\/09\/El-Valle-Trail-2023-7.png\" \/>\n\t<meta property=\"og:image:width\" content=\"1024\" \/>\n\t<meta property=\"og:image:height\" content=\"682\" \/>\n\t<meta property=\"og:image:type\" content=\"image\/png\" \/>\n<meta name=\"twitter:card\" content=\"summary_large_image\" \/>\n<meta name=\"twitter:label1\" content=\"Tiempo de lectura\" \/>\n\t<meta name=\"twitter:data1\" content=\"2 minutos\" \/>\n<!-- \/ Yoast SEO plugin. -->","yoast_head_json":{"title":"El Valle Trail en nuestro campus de Montevida - ELIS El Limonar International British School Of Murcia","robots":{"index":"index","follow":"follow","max-snippet":"max-snippet:-1","max-image-preview":"max-image-preview:large","max-video-preview":"max-video-preview:-1"},"canonical":"https:\/\/elismurcia.com\/es\/noticias-escolares\/elis-murcia-carrera-el-valle-trail-campus-montevida\/","og_locale":"es_ES","og_type":"article","og_title":"El Valle Trail en nuestro campus de Montevida - ELIS El Limonar International British School Of Murcia","og_description":"El pasado s\u00e1bado nuestro colegio particip\u00f3 en el que posiblemente ha sido el mayor evento deportivo de su ya larga historia.: El Valle Trail. Se trata de la 15\u00aa edici\u00f3n de una de las citas m\u00e1s se\u00f1aladas con la monta\u00f1a, enmarcada en los circuitos oficiales Trail Tour y Ultra Trail Tour de la Federaci\u00f3n de Atletismo de la Regi\u00f3n de Murcia y que cuenta con el Parque Regional El Valle y Carrascoy como testigo.","og_url":"https:\/\/elismurcia.com\/es\/noticias-escolares\/elis-murcia-carrera-el-valle-trail-campus-montevida\/","og_site_name":"ELIS El Limonar International British School Of Murcia","article_modified_time":"2024-04-23T12:40:18+00:00","og_image":[{"width":1024,"height":682,"url":"https:\/\/elismurcia.com\/wp-content\/uploads\/sites\/110\/2023\/09\/El-Valle-Trail-2023-7.png","type":"image\/png"}],"twitter_card":"summary_large_image","twitter_misc":{"Tiempo de lectura":"2 minutos"},"schema":{"@context":"https:\/\/schema.org","@graph":[{"@type":"WebPage","@id":"https:\/\/elismurcia.com\/es\/noticias-escolares\/elis-murcia-carrera-el-valle-trail-campus-montevida\/","url":"https:\/\/elismurcia.com\/es\/noticias-escolares\/elis-murcia-carrera-el-valle-trail-campus-montevida\/","name":"El Valle Trail en nuestro campus de Montevida - ELIS El Limonar International British School Of Murcia","isPartOf":{"@id":"https:\/\/elismurcia.com\/es\/#website"},"primaryImageOfPage":{"@id":"https:\/\/elismurcia.com\/es\/noticias-escolares\/elis-murcia-carrera-el-valle-trail-campus-montevida\/#primaryimage"},"image":{"@id":"https:\/\/elismurcia.com\/es\/noticias-escolares\/elis-murcia-carrera-el-valle-trail-campus-montevida\/#primaryimage"},"thumbnailUrl":"https:\/\/elismurcia.com\/wp-content\/uploads\/sites\/110\/2023\/09\/El-Valle-Trail-2023-7.png","datePublished":"2023-03-27T04:04:06+00:00","dateModified":"2024-04-23T12:40:18+00:00","breadcrumb":{"@id":"https:\/\/elismurcia.com\/es\/noticias-escolares\/elis-murcia-carrera-el-valle-trail-campus-montevida\/#breadcrumb"},"inLanguage":"es","potentialAction":[{"@type":"ReadAction","target":["https:\/\/elismurcia.com\/es\/noticias-escolares\/elis-murcia-carrera-el-valle-trail-campus-montevida\/"]}]},{"@type":"ImageObject","inLanguage":"es","@id":"https:\/\/elismurcia.com\/es\/noticias-escolares\/elis-murcia-carrera-el-valle-trail-campus-montevida\/#primaryimage","url":"https:\/\/elismurcia.com\/wp-content\/uploads\/sites\/110\/2023\/09\/El-Valle-Trail-2023-7.png","contentUrl":"https:\/\/elismurcia.com\/wp-content\/uploads\/sites\/110\/2023\/09\/El-Valle-Trail-2023-7.png","width":1024,"height":682},{"@type":"BreadcrumbList","@id":"https:\/\/elismurcia.com\/es\/noticias-escolares\/elis-murcia-carrera-el-valle-trail-campus-montevida\/#breadcrumb","itemListElement":[{"@type":"ListItem","position":1,"name":"Home","item":"https:\/\/elismurcia.com\/es\/"},{"@type":"ListItem","position":2,"name":"Noticias Escolares","item":"https:\/\/elismurcia.com\/es\/noticias-escolares\/"},{"@type":"ListItem","position":3,"name":"El Valle Trail en nuestro campus de Montevida"}]},{"@type":"WebSite","@id":"https:\/\/elismurcia.com\/es\/#website","url":"https:\/\/elismurcia.com\/es\/","name":"ELIS El Limonar International British School Of Murcia","description":"ELIS Murcia is part of the Cognita Schools Group","publisher":{"@id":"https:\/\/elismurcia.com\/es\/#organization"},"alternateName":"ELIS Murcia","potentialAction":[{"@type":"SearchAction","target":{"@type":"EntryPoint","urlTemplate":"https:\/\/elismurcia.com\/es\/?s={search_term_string}"},"query-input":{"@type":"PropertyValueSpecification","valueRequired":true,"valueName":"search_term_string"}}],"inLanguage":"es"},{"@type":"Organization","@id":"https:\/\/elismurcia.com\/es\/#organization","name":"El Limonar International British School Murcia","alternateName":"ELIS Murcia","url":"https:\/\/elismurcia.com\/es\/","logo":{"@type":"ImageObject","inLanguage":"es","@id":"https:\/\/elismurcia.com\/es\/#\/schema\/logo\/image\/","url":"https:\/\/elismurcia.com\/wp-content\/uploads\/sites\/110\/2024\/11\/LOGO-ELIS-MURCIA-COLOR.jpg","contentUrl":"https:\/\/elismurcia.com\/wp-content\/uploads\/sites\/110\/2024\/11\/LOGO-ELIS-MURCIA-COLOR.jpg","width":1240,"height":575,"caption":"El Limonar International British School Murcia"},"image":{"@id":"https:\/\/elismurcia.com\/es\/#\/schema\/logo\/image\/"}}]}},"jetpack_sharing_enabled":true,"_links":{"self":[{"href":"https:\/\/elismurcia.com\/es\/wp-json\/wp\/v2\/school_news\/77189","targetHints":{"allow":["GET"]}}],"collection":[{"href":"https:\/\/elismurcia.com\/es\/wp-json\/wp\/v2\/school_news"}],"about":[{"href":"https:\/\/elismurcia.com\/es\/wp-json\/wp\/v2\/types\/school_news"}],"author":[{"embeddable":true,"href":"https:\/\/elismurcia.com\/es\/wp-json\/wp\/v2\/users\/483"}],"version-history":[{"count":1,"href":"https:\/\/elismurcia.com\/es\/wp-json\/wp\/v2\/school_news\/77189\/revisions"}],"predecessor-version":[{"id":77247,"href":"https:\/\/elismurcia.com\/es\/wp-json\/wp\/v2\/school_news\/77189\/revisions\/77247"}],"wp:featuredmedia":[{"embeddable":true,"href":"https:\/\/elismurcia.com\/es\/wp-json\/wp\/v2\/media\/74485"}],"wp:attachment":[{"href":"https:\/\/elismurcia.com\/es\/wp-json\/wp\/v2\/media?parent=77189"}],"wp:term":[{"taxonomy":"news-category","embeddable":true,"href":"https:\/\/elismurcia.com\/es\/wp-json\/wp\/v2\/news-category?post=77189"},{"taxonomy":"news-tag","embeddable":true,"href":"https:\/\/elismurcia.com\/es\/wp-json\/wp\/v2\/news-tag?post=77189"}],"curies":[{"name":"wp","href":"https:\/\/api.w.org\/{rel}","templated":true}]}}