{"id":77199,"date":"2022-10-03T08:48:08","date_gmt":"2022-10-03T06:48:08","guid":{"rendered":"https:\/\/elismurcia.com\/amazing-global-be-well-day-2022\/"},"modified":"2024-04-23T14:40:22","modified_gmt":"2024-04-23T12:40:22","slug":"global-be-well-day","status":"publish","type":"school_news","link":"https:\/\/elismurcia.com\/es\/noticias-escolares\/global-be-well-day\/","title":{"rendered":"\u00a1Un maravilloso Global Be Well Day 2022!"},"content":{"rendered":"<div class=\"wpb-content-wrapper\"><p>[vc_row][vc_column][vc_column_text]Los estudiantes de ELIS Murcia se unieron el pasado viernes a m\u00e1s de 65.000 estudiantes y 15.000 profesionales de Cognita de todo el mundo para centrarse en la importancia del bienestar en la educaci\u00f3n.<\/p>\n<p>&nbsp;<\/p>\n<p>Nuestro colegio celebr\u00f3 una jornada totalmente diferente, fuera del curr\u00edculo habitual, con motivo del Global Be Well Day, un evento mundial liderado por Cognita, la familia de m\u00e1s de 90 colegios de la que ELIS Murcia es miembro.<\/p>\n<p>&nbsp;<\/p>\n<p>\u201cNuestro colegio se enfoca en el bienestar durante todo el a\u00f1o, pero al unirnos con comunidades escolares en 14 pa\u00edses diferentes alrededor del mundo en este d\u00eda de septiembre, celebramos nuestro compromiso colectivo con el bienestar. El tema principal en el que nos hemos centrado en esta edici\u00f3n, los beneficios de seguir una alimentaci\u00f3n saludable desde el criterio de la sostenibilidad, refleja la pasi\u00f3n de nuestros estudiantes por implementar cambios para nuestro futuro, algo de lo que estamos inmensamente orgullosos. El d\u00eda es un recordatorio anual de la prioridad que todos le damos al bienestar, que creemos que es la base genuina de la educaci\u00f3n\u201d, dijo nuestra Directora General, Vanessa Grimward.<\/p>\n<p>&nbsp;<\/p>\n<p>Ahora en su cuarto a\u00f1o, el Global Be Well Day estuvo lleno de actividades y eventos basados \u200b\u200ben el Esquema Be Well de Cognita. Si bien el tema de los recursos empleados este a\u00f1o se centra en uno de los contribuyentes f\u00edsicos al bienestar, la dieta, nuestra comunidad escolar de estudiantes, padres y empleados adopt\u00f3 un enfoque que abarcaba todos los contribuyentes f\u00edsicos y mentales del bienestar del Cognita Be Well Charter.<\/p>\n<p>&nbsp;<\/p>\n<p>Nuestros alumnos disfrutaron de un abanico muy amplio de actividades centradas en c\u00f3mo una dieta sostenible beneficia no solo a nuestra salud y bienestar sino tambi\u00e9n al mundo en el que vivimos: talleres sobre el uso de frutas y verduras en la cocina o el arte; sesiones sobre lectura correcta del etiquetado de alimentos; neurociencia y bienestar; plantar semillas para estudiar su crecimiento en los pr\u00f3ximos meses; c\u00f3mo preparar bebidas energ\u00e9ticas saludables; c\u00f3mo afecta el az\u00facar a nuestro organismo o sesiones sobre sostenibilidad, bienestar y alimentaci\u00f3n en un mundo globalizado, fueron algunas de las actividades que realizaron nuestros alumnos.<\/p>\n<p>&nbsp;<\/p>\n<p>Por supuesto, tambi\u00e9n hubo tiempo para otras actividades que mejoran nuestro bienestar f\u00edsico como el zumba, yoga, pilates, danza, artes marciales, deportes divertidos y muchas otras, incluyendo talleres y sesiones significativas a cargo de proveedores externos de prestigio como Thoughtbox.<\/p>\n<p>&nbsp;<\/p>\n<p>\u00a1Ya estamos todos ansiosos por celebrar el pr\u00f3ximo D\u00eda Mundial del Bienestar en septiembre de 2023![\/vc_column_text][\/vc_column][\/vc_row]<\/p>\n<\/div>","protected":false},"excerpt":{"rendered":"<p>Los estudiantes de ELIS Murcia se unieron el pasado viernes a m\u00e1s de 65.000 estudiantes y 15.000 profesionales de Cognita de todo el mundo para centrarse en la importancia del bienestar en la educaci\u00f3n. Nuestro colegio celebr\u00f3 una jornada totalmente diferente, fuera del curr\u00edculo habitual, con motivo del Global Be Well Day, un evento mundial liderado por Cognita, la familia de m\u00e1s de 90 colegios de la que ELIS Murcia es miembro.<\/p>\n","protected":false},"author":483,"featured_media":74508,"parent":0,"menu_order":0,"template":"","meta":{"_acf_changed":false,"footnotes":""},"news-category":[239],"news-tag":[],"class_list":["post-77199","school_news","type-school_news","status-publish","has-post-thumbnail","hentry","news-category-vida-escolar"],"acf":[],"yoast_head":"<!-- This site is optimized with the Yoast SEO plugin v27.4 - https:\/\/yoast.com\/product\/yoast-seo-wordpress\/ -->\n<title>\u00a1Un maravilloso Global Be Well Day 2022! - ELIS El Limonar International British School Of Murcia<\/title>\n<meta name=\"robots\" content=\"index, follow, max-snippet:-1, max-image-preview:large, max-video-preview:-1\" \/>\n<link rel=\"canonical\" href=\"https:\/\/elismurcia.com\/es\/noticias-escolares\/global-be-well-day\/\" \/>\n<meta property=\"og:locale\" content=\"es_ES\" \/>\n<meta property=\"og:type\" content=\"article\" \/>\n<meta property=\"og:title\" content=\"\u00a1Un maravilloso Global Be Well Day 2022! - ELIS El Limonar International British School Of Murcia\" \/>\n<meta property=\"og:description\" content=\"Los estudiantes de ELIS Murcia se unieron el pasado viernes a m\u00e1s de 65.000 estudiantes y 15.000 profesionales de Cognita de todo el mundo para centrarse en la importancia del bienestar en la educaci\u00f3n. Nuestro colegio celebr\u00f3 una jornada totalmente diferente, fuera del curr\u00edculo habitual, con motivo del Global Be Well Day, un evento mundial liderado por Cognita, la familia de m\u00e1s de 90 colegios de la que ELIS Murcia es miembro.\" \/>\n<meta property=\"og:url\" content=\"https:\/\/elismurcia.com\/es\/noticias-escolares\/global-be-well-day\/\" \/>\n<meta property=\"og:site_name\" content=\"ELIS El Limonar International British School Of Murcia\" \/>\n<meta property=\"article:modified_time\" content=\"2024-04-23T12:40:22+00:00\" \/>\n<meta property=\"og:image\" content=\"https:\/\/elismurcia.com\/wp-content\/uploads\/sites\/110\/2023\/09\/GBWD-MU-8-scaled-1.png\" \/>\n\t<meta property=\"og:image:width\" content=\"1024\" \/>\n\t<meta property=\"og:image:height\" content=\"764\" \/>\n\t<meta property=\"og:image:type\" content=\"image\/png\" \/>\n<meta name=\"twitter:card\" content=\"summary_large_image\" \/>\n<meta name=\"twitter:label1\" content=\"Tiempo de lectura\" \/>\n\t<meta name=\"twitter:data1\" content=\"2 minutos\" \/>\n<!-- \/ Yoast SEO plugin. -->","yoast_head_json":{"title":"\u00a1Un maravilloso Global Be Well Day 2022! - ELIS El Limonar International British School Of Murcia","robots":{"index":"index","follow":"follow","max-snippet":"max-snippet:-1","max-image-preview":"max-image-preview:large","max-video-preview":"max-video-preview:-1"},"canonical":"https:\/\/elismurcia.com\/es\/noticias-escolares\/global-be-well-day\/","og_locale":"es_ES","og_type":"article","og_title":"\u00a1Un maravilloso Global Be Well Day 2022! - ELIS El Limonar International British School Of Murcia","og_description":"Los estudiantes de ELIS Murcia se unieron el pasado viernes a m\u00e1s de 65.000 estudiantes y 15.000 profesionales de Cognita de todo el mundo para centrarse en la importancia del bienestar en la educaci\u00f3n. Nuestro colegio celebr\u00f3 una jornada totalmente diferente, fuera del curr\u00edculo habitual, con motivo del Global Be Well Day, un evento mundial liderado por Cognita, la familia de m\u00e1s de 90 colegios de la que ELIS Murcia es miembro.","og_url":"https:\/\/elismurcia.com\/es\/noticias-escolares\/global-be-well-day\/","og_site_name":"ELIS El Limonar International British School Of Murcia","article_modified_time":"2024-04-23T12:40:22+00:00","og_image":[{"width":1024,"height":764,"url":"https:\/\/elismurcia.com\/wp-content\/uploads\/sites\/110\/2023\/09\/GBWD-MU-8-scaled-1.png","type":"image\/png"}],"twitter_card":"summary_large_image","twitter_misc":{"Tiempo de lectura":"2 minutos"},"schema":{"@context":"https:\/\/schema.org","@graph":[{"@type":"WebPage","@id":"https:\/\/elismurcia.com\/es\/noticias-escolares\/global-be-well-day\/","url":"https:\/\/elismurcia.com\/es\/noticias-escolares\/global-be-well-day\/","name":"\u00a1Un maravilloso Global Be Well Day 2022! - ELIS El Limonar International British School Of Murcia","isPartOf":{"@id":"https:\/\/elismurcia.com\/es\/#website"},"primaryImageOfPage":{"@id":"https:\/\/elismurcia.com\/es\/noticias-escolares\/global-be-well-day\/#primaryimage"},"image":{"@id":"https:\/\/elismurcia.com\/es\/noticias-escolares\/global-be-well-day\/#primaryimage"},"thumbnailUrl":"https:\/\/elismurcia.com\/wp-content\/uploads\/sites\/110\/2023\/09\/GBWD-MU-8-scaled-1.png","datePublished":"2022-10-03T06:48:08+00:00","dateModified":"2024-04-23T12:40:22+00:00","breadcrumb":{"@id":"https:\/\/elismurcia.com\/es\/noticias-escolares\/global-be-well-day\/#breadcrumb"},"inLanguage":"es","potentialAction":[{"@type":"ReadAction","target":["https:\/\/elismurcia.com\/es\/noticias-escolares\/global-be-well-day\/"]}]},{"@type":"ImageObject","inLanguage":"es","@id":"https:\/\/elismurcia.com\/es\/noticias-escolares\/global-be-well-day\/#primaryimage","url":"https:\/\/elismurcia.com\/wp-content\/uploads\/sites\/110\/2023\/09\/GBWD-MU-8-scaled-1.png","contentUrl":"https:\/\/elismurcia.com\/wp-content\/uploads\/sites\/110\/2023\/09\/GBWD-MU-8-scaled-1.png","width":1024,"height":764},{"@type":"BreadcrumbList","@id":"https:\/\/elismurcia.com\/es\/noticias-escolares\/global-be-well-day\/#breadcrumb","itemListElement":[{"@type":"ListItem","position":1,"name":"Home","item":"https:\/\/elismurcia.com\/es\/"},{"@type":"ListItem","position":2,"name":"Noticias Escolares","item":"https:\/\/elismurcia.com\/es\/noticias-escolares\/"},{"@type":"ListItem","position":3,"name":"\u00a1Un maravilloso Global Be Well Day 2022!"}]},{"@type":"WebSite","@id":"https:\/\/elismurcia.com\/es\/#website","url":"https:\/\/elismurcia.com\/es\/","name":"ELIS El Limonar International British School Of Murcia","description":"ELIS Murcia is part of the Cognita Schools Group","publisher":{"@id":"https:\/\/elismurcia.com\/es\/#organization"},"alternateName":"ELIS Murcia","potentialAction":[{"@type":"SearchAction","target":{"@type":"EntryPoint","urlTemplate":"https:\/\/elismurcia.com\/es\/?s={search_term_string}"},"query-input":{"@type":"PropertyValueSpecification","valueRequired":true,"valueName":"search_term_string"}}],"inLanguage":"es"},{"@type":"Organization","@id":"https:\/\/elismurcia.com\/es\/#organization","name":"El Limonar International British School Murcia","alternateName":"ELIS Murcia","url":"https:\/\/elismurcia.com\/es\/","logo":{"@type":"ImageObject","inLanguage":"es","@id":"https:\/\/elismurcia.com\/es\/#\/schema\/logo\/image\/","url":"https:\/\/elismurcia.com\/wp-content\/uploads\/sites\/110\/2024\/11\/LOGO-ELIS-MURCIA-COLOR.jpg","contentUrl":"https:\/\/elismurcia.com\/wp-content\/uploads\/sites\/110\/2024\/11\/LOGO-ELIS-MURCIA-COLOR.jpg","width":1240,"height":575,"caption":"El Limonar International British School Murcia"},"image":{"@id":"https:\/\/elismurcia.com\/es\/#\/schema\/logo\/image\/"}}]}},"jetpack_sharing_enabled":true,"_links":{"self":[{"href":"https:\/\/elismurcia.com\/es\/wp-json\/wp\/v2\/school_news\/77199","targetHints":{"allow":["GET"]}}],"collection":[{"href":"https:\/\/elismurcia.com\/es\/wp-json\/wp\/v2\/school_news"}],"about":[{"href":"https:\/\/elismurcia.com\/es\/wp-json\/wp\/v2\/types\/school_news"}],"author":[{"embeddable":true,"href":"https:\/\/elismurcia.com\/es\/wp-json\/wp\/v2\/users\/483"}],"version-history":[{"count":1,"href":"https:\/\/elismurcia.com\/es\/wp-json\/wp\/v2\/school_news\/77199\/revisions"}],"predecessor-version":[{"id":77257,"href":"https:\/\/elismurcia.com\/es\/wp-json\/wp\/v2\/school_news\/77199\/revisions\/77257"}],"wp:featuredmedia":[{"embeddable":true,"href":"https:\/\/elismurcia.com\/es\/wp-json\/wp\/v2\/media\/74508"}],"wp:attachment":[{"href":"https:\/\/elismurcia.com\/es\/wp-json\/wp\/v2\/media?parent=77199"}],"wp:term":[{"taxonomy":"news-category","embeddable":true,"href":"https:\/\/elismurcia.com\/es\/wp-json\/wp\/v2\/news-category?post=77199"},{"taxonomy":"news-tag","embeddable":true,"href":"https:\/\/elismurcia.com\/es\/wp-json\/wp\/v2\/news-tag?post=77199"}],"curies":[{"name":"wp","href":"https:\/\/api.w.org\/{rel}","templated":true}]}}