{"id":77217,"date":"2024-03-18T09:23:52","date_gmt":"2024-03-18T08:23:52","guid":{"rendered":"https:\/\/elismurcia.com\/?p=75557"},"modified":"2024-04-23T14:40:28","modified_gmt":"2024-04-23T12:40:28","slug":"i-elis-family-day-una-vibrante-jornada-deportiva-y-de-ocio-en-comunidad","status":"publish","type":"school_news","link":"https:\/\/elismurcia.com\/es\/noticias-escolares\/i-elis-family-day-una-vibrante-jornada-deportiva-y-de-ocio-en-comunidad\/","title":{"rendered":"I ELIS Family Day, una vibrante jornada deportiva y de ocio en comunidad"},"content":{"rendered":"<div class=\"wpb-content-wrapper\"><p>[vc_row][vc_column][vc_column_text]El pasado s\u00e1bado 16 de marzo nuestro campus de Montevida acogi\u00f3 la primera edici\u00f3n de ELIS Family Day, el evento familiar m\u00e1s grande del curso escolar.<\/p>\n<p>La jornada arranc\u00f3 bien temprano albergando la XVI edici\u00f3n de la conocida carrera <strong><a href=\"https:\/\/elvalletrail.es\/\" target=\"_blank\" rel=\"noopener\">ELIS El Valle Trail<\/a><\/strong>, la carrera trail m\u00e1s veterana de la Regi\u00f3n de Murcia, que se desarroll\u00f3 por el Parque Regional de El Valle. A las 7 de la ma\u00f1ana, y desde la tarde del d\u00eda anterior, los m\u00e1s de 500 corredores, procedentes de diferentes puntos de dentro y fuera de nuestra regi\u00f3n, pudieron recoger sus dorsales.<\/p>\n<p>A las 8 tuvo lugar la salida de la prueba m\u00e1s exigente, su \u201cExtreme 26K\u201d, mientras que la \u201cPromo 18K\u201d comenz\u00f3 a las 9 de la ma\u00f1ana.<\/p>\n<p>Poco despu\u00e9s fue turno de la edici\u00f3n Kids para ni\u00f1os nacidos entre 2013 y 2021, novedad ELIS El Valle Trailde este a\u00f1o, divididos en 4 categor\u00edas y distancias seg\u00fan edad. Un evento no competitivo en la que los m\u00e1s peque\u00f1os pod\u00edan participar junto a sus padres y en la que hubo medallas, camisetas y mucha diversi\u00f3n para todos.<\/p>\n<p>Pocos minutos pasaban de las 10 de la ma\u00f1ana cuando comenzaba nuestro Family Club en el que, al igual que en el resto de eventos, pod\u00edan participar tanto miembros de nuestra comunidad de ELIS Murcia como familias de fuera del colegio. La tem\u00e1tica, muy saludable y din\u00e1mica al igual que el resto de la jornada, gir\u00f3 en torno al yoga y al baile en familia.<\/p>\n<p>Era ya media ma\u00f1ana cuando nuestra Directora Ejecutiva, Vanessa Grimward, colaboraba con la organizaci\u00f3n de la carrera en la entrega de medallas. A la 1 comenzaron a servirse los primeros platos de las diferentes paellas gigantes elaboradas in situ y acompa\u00f1adas de diferentes bebidas. Al mismo tiempo, la banda musical Fun Play comenzaba a interpretar conocidos temas de m\u00fasica disco y dance de los 70 a los 90. \u00a1Entre sus integrantes y al bajo se encontraba Toni Mar\u00edn, nuestro Director T\u00e9cnico!<\/p>\n<p>Por su parte nuestra profesora y responsable de Solidaridad, Lola Abell\u00e1n, colaboraba con la Fundaci\u00f3n Vicente Ferrer en un stand desplegado para esta ocasi\u00f3n. En \u00e9l se realiz\u00f3 un taller de rangolis al tiempo que se daban a conocer los numerosos proyectos solidarios que esta fundaci\u00f3n realiza en la India.<\/p>\n<p>Pero el pasado s\u00e1bado la solidaridad de nuestra comunidad no se mostr\u00f3 s\u00f3lo en nuestro campus. Nuestro profesor Pedro Rodr\u00edguez coordin\u00f3 la recogida de alimentos que alumnos de ELIS Murcia realizaron durante toda la ma\u00f1ana en un stand ubicado frente al Mercadona de la urbanizaci\u00f3n Montevida, a beneficio del Banco de Alimentos del Segura.<\/p>\n<p>Buen clima, fant\u00e1sticas instalaciones y excepcional ambiente comunitario en un primer ELIS Family Day plagado de ejercicio, risas y solidaridad. \u00a1Un magn\u00edfico ejemplo de la puesta en pr\u00e1ctica de los valores ELIS!<\/p>\n<p>Mil gracias a todos por vuestra asistencia y colaboraci\u00f3n. \u00a1Os esperamos el a\u00f1o que viene![\/vc_column_text][\/vc_column][\/vc_row][vc_row][vc_column][vc_gallery interval=&#8221;3&#8243; images=&#8221;75566,75568,75570,75572,75574,75576,75578,75586,75588,75590,75592,75594,75596,75609,75607,75605,75603,75601,75613,75619,75615,75621,75617&#8243; img_size=&#8221;large&#8221;][\/vc_column][\/vc_row][vc_row][vc_column][vc_video link=&#8221;https:\/\/youtu.be\/YwwgFiUre1s&#8221;][\/vc_column][\/vc_row]<\/p>\n<\/div>","protected":false},"excerpt":{"rendered":"<p>La jornada arranc\u00f3 bien temprano albergando la XVI edici\u00f3n de la conocida carrera ELIS El Valle Trail, la carrera trail m\u00e1s veterana de la Regi\u00f3n de Murcia, que se desarroll\u00f3 por el Parque Regional de El Valle. A las 7 de la ma\u00f1ana, y desde la tarde del d\u00eda anterior, los m\u00e1s de 500 corredores, procedentes de diferentes puntos de dentro y fuera de nuestra regi\u00f3n, pudieron recoger sus dorsales.<\/p>\n","protected":false},"author":483,"featured_media":75568,"parent":0,"menu_order":0,"template":"","meta":{"_acf_changed":false,"footnotes":""},"news-category":[239],"news-tag":[],"class_list":["post-77217","school_news","type-school_news","status-publish","has-post-thumbnail","hentry","news-category-vida-escolar"],"acf":[],"yoast_head":"<!-- This site is optimized with the Yoast SEO plugin v27.4 - https:\/\/yoast.com\/product\/yoast-seo-wordpress\/ -->\n<title>I ELIS Family Day, una vibrante jornada deportiva y de ocio en comunidad - ELIS El Limonar International British School Of Murcia<\/title>\n<meta name=\"description\" content=\"El pasado s\u00e1bado 16 de marzo nuestro campus de Montevida acogi\u00f3 la primera edici\u00f3n del ELIS Family Day, el evento familiar\" \/>\n<meta name=\"robots\" content=\"index, follow, max-snippet:-1, max-image-preview:large, max-video-preview:-1\" \/>\n<link rel=\"canonical\" href=\"https:\/\/elismurcia.com\/es\/noticias-escolares\/i-elis-family-day-una-vibrante-jornada-deportiva-y-de-ocio-en-comunidad\/\" \/>\n<meta property=\"og:locale\" content=\"es_ES\" \/>\n<meta property=\"og:type\" content=\"article\" \/>\n<meta property=\"og:title\" content=\"I ELIS Family Day, una vibrante jornada deportiva y de ocio en comunidad - ELIS El Limonar International British School Of Murcia\" \/>\n<meta property=\"og:description\" content=\"El pasado s\u00e1bado 16 de marzo nuestro campus de Montevida acogi\u00f3 la primera edici\u00f3n del ELIS Family Day, el evento familiar\" \/>\n<meta property=\"og:url\" content=\"https:\/\/elismurcia.com\/es\/noticias-escolares\/i-elis-family-day-una-vibrante-jornada-deportiva-y-de-ocio-en-comunidad\/\" \/>\n<meta property=\"og:site_name\" content=\"ELIS El Limonar International British School Of Murcia\" \/>\n<meta property=\"article:modified_time\" content=\"2024-04-23T12:40:28+00:00\" \/>\n<meta property=\"og:image\" content=\"https:\/\/elismurcia.com\/wp-content\/uploads\/sites\/110\/2024\/03\/ELIS-El-Valle-Trail-2024-2.jpg\" \/>\n\t<meta property=\"og:image:width\" content=\"7008\" \/>\n\t<meta property=\"og:image:height\" content=\"4672\" \/>\n\t<meta property=\"og:image:type\" content=\"image\/jpeg\" \/>\n<meta name=\"twitter:card\" content=\"summary_large_image\" \/>\n<meta name=\"twitter:label1\" content=\"Tiempo de lectura\" \/>\n\t<meta name=\"twitter:data1\" content=\"3 minutos\" \/>\n<!-- \/ Yoast SEO plugin. -->","yoast_head_json":{"title":"I ELIS Family Day, una vibrante jornada deportiva y de ocio en comunidad - ELIS El Limonar International British School Of Murcia","description":"El pasado s\u00e1bado 16 de marzo nuestro campus de Montevida acogi\u00f3 la primera edici\u00f3n del ELIS Family Day, el evento familiar","robots":{"index":"index","follow":"follow","max-snippet":"max-snippet:-1","max-image-preview":"max-image-preview:large","max-video-preview":"max-video-preview:-1"},"canonical":"https:\/\/elismurcia.com\/es\/noticias-escolares\/i-elis-family-day-una-vibrante-jornada-deportiva-y-de-ocio-en-comunidad\/","og_locale":"es_ES","og_type":"article","og_title":"I ELIS Family Day, una vibrante jornada deportiva y de ocio en comunidad - ELIS El Limonar International British School Of Murcia","og_description":"El pasado s\u00e1bado 16 de marzo nuestro campus de Montevida acogi\u00f3 la primera edici\u00f3n del ELIS Family Day, el evento familiar","og_url":"https:\/\/elismurcia.com\/es\/noticias-escolares\/i-elis-family-day-una-vibrante-jornada-deportiva-y-de-ocio-en-comunidad\/","og_site_name":"ELIS El Limonar International British School Of Murcia","article_modified_time":"2024-04-23T12:40:28+00:00","og_image":[{"width":7008,"height":4672,"url":"https:\/\/elismurcia.com\/wp-content\/uploads\/sites\/110\/2024\/03\/ELIS-El-Valle-Trail-2024-2.jpg","type":"image\/jpeg"}],"twitter_card":"summary_large_image","twitter_misc":{"Tiempo de lectura":"3 minutos"},"schema":{"@context":"https:\/\/schema.org","@graph":[{"@type":"WebPage","@id":"https:\/\/elismurcia.com\/es\/noticias-escolares\/i-elis-family-day-una-vibrante-jornada-deportiva-y-de-ocio-en-comunidad\/","url":"https:\/\/elismurcia.com\/es\/noticias-escolares\/i-elis-family-day-una-vibrante-jornada-deportiva-y-de-ocio-en-comunidad\/","name":"I ELIS Family Day, una vibrante jornada deportiva y de ocio en comunidad - ELIS El Limonar International British School Of Murcia","isPartOf":{"@id":"https:\/\/elismurcia.com\/es\/#website"},"primaryImageOfPage":{"@id":"https:\/\/elismurcia.com\/es\/noticias-escolares\/i-elis-family-day-una-vibrante-jornada-deportiva-y-de-ocio-en-comunidad\/#primaryimage"},"image":{"@id":"https:\/\/elismurcia.com\/es\/noticias-escolares\/i-elis-family-day-una-vibrante-jornada-deportiva-y-de-ocio-en-comunidad\/#primaryimage"},"thumbnailUrl":"https:\/\/elismurcia.com\/wp-content\/uploads\/sites\/110\/2024\/03\/ELIS-El-Valle-Trail-2024-2.jpg","datePublished":"2024-03-18T08:23:52+00:00","dateModified":"2024-04-23T12:40:28+00:00","description":"El pasado s\u00e1bado 16 de marzo nuestro campus de Montevida acogi\u00f3 la primera edici\u00f3n del ELIS Family Day, el evento familiar","breadcrumb":{"@id":"https:\/\/elismurcia.com\/es\/noticias-escolares\/i-elis-family-day-una-vibrante-jornada-deportiva-y-de-ocio-en-comunidad\/#breadcrumb"},"inLanguage":"es","potentialAction":[{"@type":"ReadAction","target":["https:\/\/elismurcia.com\/es\/noticias-escolares\/i-elis-family-day-una-vibrante-jornada-deportiva-y-de-ocio-en-comunidad\/"]}]},{"@type":"ImageObject","inLanguage":"es","@id":"https:\/\/elismurcia.com\/es\/noticias-escolares\/i-elis-family-day-una-vibrante-jornada-deportiva-y-de-ocio-en-comunidad\/#primaryimage","url":"https:\/\/elismurcia.com\/wp-content\/uploads\/sites\/110\/2024\/03\/ELIS-El-Valle-Trail-2024-2.jpg","contentUrl":"https:\/\/elismurcia.com\/wp-content\/uploads\/sites\/110\/2024\/03\/ELIS-El-Valle-Trail-2024-2.jpg","width":7008,"height":4672},{"@type":"BreadcrumbList","@id":"https:\/\/elismurcia.com\/es\/noticias-escolares\/i-elis-family-day-una-vibrante-jornada-deportiva-y-de-ocio-en-comunidad\/#breadcrumb","itemListElement":[{"@type":"ListItem","position":1,"name":"Home","item":"https:\/\/elismurcia.com\/es\/"},{"@type":"ListItem","position":2,"name":"Noticias Escolares","item":"https:\/\/elismurcia.com\/es\/noticias-escolares\/"},{"@type":"ListItem","position":3,"name":"I ELIS Family Day, una vibrante jornada deportiva y de ocio en comunidad"}]},{"@type":"WebSite","@id":"https:\/\/elismurcia.com\/es\/#website","url":"https:\/\/elismurcia.com\/es\/","name":"ELIS El Limonar International British School Of Murcia","description":"ELIS Murcia is part of the Cognita Schools Group","publisher":{"@id":"https:\/\/elismurcia.com\/es\/#organization"},"alternateName":"ELIS Murcia","potentialAction":[{"@type":"SearchAction","target":{"@type":"EntryPoint","urlTemplate":"https:\/\/elismurcia.com\/es\/?s={search_term_string}"},"query-input":{"@type":"PropertyValueSpecification","valueRequired":true,"valueName":"search_term_string"}}],"inLanguage":"es"},{"@type":"Organization","@id":"https:\/\/elismurcia.com\/es\/#organization","name":"El Limonar International British School Murcia","alternateName":"ELIS Murcia","url":"https:\/\/elismurcia.com\/es\/","logo":{"@type":"ImageObject","inLanguage":"es","@id":"https:\/\/elismurcia.com\/es\/#\/schema\/logo\/image\/","url":"https:\/\/elismurcia.com\/wp-content\/uploads\/sites\/110\/2024\/11\/LOGO-ELIS-MURCIA-COLOR.jpg","contentUrl":"https:\/\/elismurcia.com\/wp-content\/uploads\/sites\/110\/2024\/11\/LOGO-ELIS-MURCIA-COLOR.jpg","width":1240,"height":575,"caption":"El Limonar International British School Murcia"},"image":{"@id":"https:\/\/elismurcia.com\/es\/#\/schema\/logo\/image\/"}}]}},"jetpack_sharing_enabled":true,"_links":{"self":[{"href":"https:\/\/elismurcia.com\/es\/wp-json\/wp\/v2\/school_news\/77217","targetHints":{"allow":["GET"]}}],"collection":[{"href":"https:\/\/elismurcia.com\/es\/wp-json\/wp\/v2\/school_news"}],"about":[{"href":"https:\/\/elismurcia.com\/es\/wp-json\/wp\/v2\/types\/school_news"}],"author":[{"embeddable":true,"href":"https:\/\/elismurcia.com\/es\/wp-json\/wp\/v2\/users\/483"}],"version-history":[{"count":1,"href":"https:\/\/elismurcia.com\/es\/wp-json\/wp\/v2\/school_news\/77217\/revisions"}],"predecessor-version":[{"id":77275,"href":"https:\/\/elismurcia.com\/es\/wp-json\/wp\/v2\/school_news\/77217\/revisions\/77275"}],"wp:featuredmedia":[{"embeddable":true,"href":"https:\/\/elismurcia.com\/es\/wp-json\/wp\/v2\/media\/75568"}],"wp:attachment":[{"href":"https:\/\/elismurcia.com\/es\/wp-json\/wp\/v2\/media?parent=77217"}],"wp:term":[{"taxonomy":"news-category","embeddable":true,"href":"https:\/\/elismurcia.com\/es\/wp-json\/wp\/v2\/news-category?post=77217"},{"taxonomy":"news-tag","embeddable":true,"href":"https:\/\/elismurcia.com\/es\/wp-json\/wp\/v2\/news-tag?post=77217"}],"curies":[{"name":"wp","href":"https:\/\/api.w.org\/{rel}","templated":true}]}}