{"id":77586,"date":"2024-06-18T17:37:14","date_gmt":"2024-06-18T15:37:14","guid":{"rendered":"https:\/\/elismurcia.com\/?post_type=school_news&#038;p=77586"},"modified":"2024-06-19T12:13:55","modified_gmt":"2024-06-19T10:13:55","slug":"los-profesores-el-estetoscopio-de-la-realidad-estudiantil","status":"publish","type":"school_news","link":"https:\/\/elismurcia.com\/es\/noticias-escolares\/los-profesores-el-estetoscopio-de-la-realidad-estudiantil\/","title":{"rendered":"Los profesores: El estetoscopio de la realidad estudiantil"},"content":{"rendered":"<div class=\"wpb-content-wrapper\"><p>[vc_row][vc_column][vc_column_text css=&#8221;&#8221;]Raquel S\u00e1nchez Nieto, Coordinadora de Espa\u00f1ol de Primaria en ELIS Murcia, particip\u00f3 recientemente en un destacado evento en la <a href=\"https:\/\/www.ucjc.edu\/\" target=\"_blank\" rel=\"noopener\"><strong>Universidad Camilo Jos\u00e9 Cela<\/strong><\/a> centrado en la salud mental de los estudiantes. Expertos en educaci\u00f3n, psicolog\u00eda y psiquiatr\u00eda se reunieron para discutir el papel crucial que desempe\u00f1an los profesores en el bienestar mental de sus alumnos.<\/p>\n<p>Pilar Ponce, presidenta del Consejo Escolar de la Comunidad de Madrid, enfatiz\u00f3 que tanto los profesores como los padres son esenciales para el bienestar de los estudiantes. Esto se repiti\u00f3 durante la presentaci\u00f3n del Observatorio de Salud Mental en los Colegios por <a href=\"https:\/\/aulasiena.com\/\" target=\"_blank\" rel=\"noopener\"><strong>Aula Siena<\/strong><\/a>, donde se revel\u00f3 que el 60% de los estudiantes ha experimentado un deterioro en su salud mental en los \u00faltimos a\u00f1os.<\/p>\n<p>El <a href=\"https:\/\/www.javierurra.com\/\" target=\"_blank\" rel=\"noopener\"><strong>Dr. Javier Urra<\/strong><\/a>, reconocido psic\u00f3logo, describi\u00f3 a los profesores como el &#8220;estetoscopio de la realidad,&#8221; a menudo siendo los primeros en sugerir que los ni\u00f1os vean a un psic\u00f3logo o psiquiatra. Los profesores son muy conscientes de los comportamientos de sus alumnos, desde notar qui\u00e9n est\u00e1 aislado los fines de semana hasta identificar a aquellos con indicadores de autolesiones.<\/p>\n<p>Los resultados de la encuesta destacaron factores clave que afectan la salud mental de los estudiantes, como el conflicto familiar (51%), el uso excesivo de tel\u00e9fonos m\u00f3viles y redes sociales (47%), y el conflicto entre compa\u00f1eros (45%). Plataformas como TikTok (56%), Instagram (36%) y Twitch (34%) fueron identificadas como las m\u00e1s perjudiciales para el desarrollo emocional. Los profesores tambi\u00e9n se\u00f1alaron se\u00f1ales de advertencia de posibles problemas de salud mental, incluyendo comportamientos violentos o desafiantes (48%), ca\u00eddas repentinas en el rendimiento acad\u00e9mico (48%) y falta de motivaci\u00f3n o tristeza (47%). Problemas como la adicci\u00f3n a la pornograf\u00eda (34%) y las ideas suicidas (24%) tambi\u00e9n fueron preocupaciones comunes.<\/p>\n<p>Raquel S\u00e1nchez Nieto comparti\u00f3 sus experiencias ense\u00f1ando a ni\u00f1os de primaria, expresando sorpresa por c\u00f3mo los estudiantes j\u00f3venes hablan de &#8220;crisis de ansiedad&#8221; y &#8220;depresi\u00f3n.&#8221; Subray\u00f3 la importancia de la conciencia de los adultos, ya que los ni\u00f1os absorben r\u00e1pidamente el lenguaje que escuchan a su alrededor.<\/p>\n<p>Carmen S\u00e1nchez, Decana de Educaci\u00f3n en la Universidad Camilo Jos\u00e9 Cela, y Ricardo Mu\u00f1oz, un profesor de geograf\u00eda, subrayaron la necesidad de una mejor formaci\u00f3n en salud mental para los profesores. Argumentaron que, aunque los profesores son fundamentales en la difusi\u00f3n del conocimiento, tambi\u00e9n deben abordar las necesidades emocionales de los estudiantes.<\/p>\n<p>La psiquiatra Rosa Mart\u00ednez y la educadora Pepa Domingo coincidieron en estos puntos, destacando el papel cr\u00edtico de los colegios en la identificaci\u00f3n y abordaje de los problemas de salud mental. Mart\u00ednez se\u00f1al\u00f3 que los profesores son vitales en la detecci\u00f3n temprana de se\u00f1ales de advertencia y en el apoyo a las intervenciones terap\u00e9uticas, mientras que Domingo enfatiz\u00f3 la importancia de formar v\u00ednculos fuertes con los estudiantes.<\/p>\n<p>Las contribuciones de Raquel S\u00e1nchez Nieto en este evento subrayan el compromiso de ELIS Murcia con el bienestar del estudiante, reflejando la dedicaci\u00f3n del colegio a apoyar tanto el desarrollo acad\u00e9mico como emocional de sus alumnos.[\/vc_column_text]<section  class=\"section  container-width    \" style=''>\n                        <div class=\"container-fluid pt-0\">       <div class=\"row m-0 align-items-center centerText\">\n                                <div class=\"col-sm-12 col-md-12 col-lg-10 mx-auto\">            <\/div>\n                            <\/div><div class=\"row m-0 mt-5\">\n                                <div class=\"col-md-11 col-lg-11 col-xl-12 mx-auto  p-0 px-md-3\">\n                                    <div class=\"component slick-carousel\">\n                                        <div class=\"component slick-carousel\">\n                                            <div class=\"slick-slider--with-icon slick-slider full--slider\"><div>\n                                               \n                                                    <div class=\"component single-img\">\n                                                        <div class=\"callout-img leftBottom-content\" style=\"background-image: url('https:\/\/elismurcia.com\/wp-content\/uploads\/sites\/110\/2024\/06\/Universidad-Camilo-Jose-Cela-2.png');\">\n                                                        <\/div>                                \n                                                    <\/div>\n                                                    <div class=\"component sub-heading\">\n                                                        <figcaption><\/figcaption>\n                                                    <\/div>\n                                                <\/div><div>\n                                               \n                                                    <div class=\"component single-img\">\n                                                        <div class=\"callout-img leftBottom-content\" style=\"background-image: url('https:\/\/elismurcia.com\/wp-content\/uploads\/sites\/110\/2024\/06\/Universidad-Camilo-Jose-Cela-3-e1718724359267.jpg');\">\n                                                        <\/div>                                \n                                                    <\/div>\n                                                    <div class=\"component sub-heading\">\n                                                        <figcaption><\/figcaption>\n                                                    <\/div>\n                                                <\/div><div>\n                                               \n                                                    <div class=\"component single-img\">\n                                                        <div class=\"callout-img leftBottom-content\" style=\"background-image: url('https:\/\/elismurcia.com\/wp-content\/uploads\/sites\/110\/2024\/06\/Universidad-Camilo-Jose-Cela-2.png');\">\n                                                        <\/div>                                \n                                                    <\/div>\n                                                    <div class=\"component sub-heading\">\n                                                        <figcaption><\/figcaption>\n                                                    <\/div>\n                                                <\/div><div>\n                                               \n                                                    <div class=\"component single-img\">\n                                                        <div class=\"callout-img leftBottom-content\" style=\"background-image: url('https:\/\/elismurcia.com\/wp-content\/uploads\/sites\/110\/2024\/06\/Universidad-Camilo-Jose-Cela-1.png');\">\n                                                        <\/div>                                \n                                                    <\/div>\n                                                    <div class=\"component sub-heading\">\n                                                        <figcaption><\/figcaption>\n                                                    <\/div>\n                                                <\/div><\/div>\n                                        <\/div>\n                                    <\/div>\n                                <\/div>\n                            <\/div>\n                        <\/div>\n    \n                    <\/section>[\/vc_column][\/vc_row]<\/p>\n<\/div>","protected":false},"excerpt":{"rendered":"<p>Raquel S\u00e1nchez Nieto, Coordinadora de Espa\u00f1ol de Primaria en ELIS Murcia, particip\u00f3 recientemente en un importante evento en la Universidad Camilo Jos\u00e9 Cela centrado en la salud mental de los estudiantes. Expertos en educaci\u00f3n, psicolog\u00eda y psiquiatr\u00eda se reunieron para discutir el papel crucial que desempe\u00f1an los profesores en el bienestar mental de sus alumnos.<\/p>\n","protected":false},"author":483,"featured_media":77580,"parent":0,"menu_order":0,"template":"","meta":{"_acf_changed":false,"footnotes":""},"news-category":[],"news-tag":[],"class_list":["post-77586","school_news","type-school_news","status-publish","has-post-thumbnail","hentry"],"acf":[],"yoast_head":"<!-- This site is optimized with the Yoast SEO plugin v27.4 - https:\/\/yoast.com\/product\/yoast-seo-wordpress\/ -->\n<title>Los profesores: El estetoscopio de la realidad estudiantil - ELIS El Limonar International British School Of Murcia<\/title>\n<meta name=\"description\" content=\"Raquel S\u00e1nchez Nieto, Coordinadora de Espa\u00f1ol de Primaria en ELIS Murcia, particip\u00f3 en un evento en la Universidad Camilo Jos\u00e9 Cela\" \/>\n<meta name=\"robots\" content=\"index, follow, max-snippet:-1, max-image-preview:large, max-video-preview:-1\" \/>\n<link rel=\"canonical\" href=\"https:\/\/elismurcia.com\/es\/noticias-escolares\/los-profesores-el-estetoscopio-de-la-realidad-estudiantil\/\" \/>\n<meta property=\"og:locale\" content=\"es_ES\" \/>\n<meta property=\"og:type\" content=\"article\" \/>\n<meta property=\"og:title\" content=\"Los profesores: El estetoscopio de la realidad estudiantil - ELIS El Limonar International British School Of Murcia\" \/>\n<meta property=\"og:description\" content=\"Raquel S\u00e1nchez Nieto, Coordinadora de Espa\u00f1ol de Primaria en ELIS Murcia, particip\u00f3 en un evento en la Universidad Camilo Jos\u00e9 Cela\" \/>\n<meta property=\"og:url\" content=\"https:\/\/elismurcia.com\/es\/noticias-escolares\/los-profesores-el-estetoscopio-de-la-realidad-estudiantil\/\" \/>\n<meta property=\"og:site_name\" content=\"ELIS El Limonar International British School Of Murcia\" \/>\n<meta property=\"article:modified_time\" content=\"2024-06-19T10:13:55+00:00\" \/>\n<meta property=\"og:image\" content=\"https:\/\/elismurcia.com\/wp-content\/uploads\/sites\/110\/2024\/06\/Universidad-Camilo-Jose-Cela-4-e1718724336431.jpg\" \/>\n\t<meta property=\"og:image:width\" content=\"4032\" \/>\n\t<meta property=\"og:image:height\" content=\"3024\" \/>\n\t<meta property=\"og:image:type\" content=\"image\/jpeg\" \/>\n<meta name=\"twitter:card\" content=\"summary_large_image\" \/>\n<meta name=\"twitter:label1\" content=\"Tiempo de lectura\" \/>\n\t<meta name=\"twitter:data1\" content=\"3 minutos\" \/>\n<!-- \/ Yoast SEO plugin. -->","yoast_head_json":{"title":"Los profesores: El estetoscopio de la realidad estudiantil - ELIS El Limonar International British School Of Murcia","description":"Raquel S\u00e1nchez Nieto, Coordinadora de Espa\u00f1ol de Primaria en ELIS Murcia, particip\u00f3 en un evento en la Universidad Camilo Jos\u00e9 Cela","robots":{"index":"index","follow":"follow","max-snippet":"max-snippet:-1","max-image-preview":"max-image-preview:large","max-video-preview":"max-video-preview:-1"},"canonical":"https:\/\/elismurcia.com\/es\/noticias-escolares\/los-profesores-el-estetoscopio-de-la-realidad-estudiantil\/","og_locale":"es_ES","og_type":"article","og_title":"Los profesores: El estetoscopio de la realidad estudiantil - ELIS El Limonar International British School Of Murcia","og_description":"Raquel S\u00e1nchez Nieto, Coordinadora de Espa\u00f1ol de Primaria en ELIS Murcia, particip\u00f3 en un evento en la Universidad Camilo Jos\u00e9 Cela","og_url":"https:\/\/elismurcia.com\/es\/noticias-escolares\/los-profesores-el-estetoscopio-de-la-realidad-estudiantil\/","og_site_name":"ELIS El Limonar International British School Of Murcia","article_modified_time":"2024-06-19T10:13:55+00:00","og_image":[{"width":4032,"height":3024,"url":"https:\/\/elismurcia.com\/wp-content\/uploads\/sites\/110\/2024\/06\/Universidad-Camilo-Jose-Cela-4-e1718724336431.jpg","type":"image\/jpeg"}],"twitter_card":"summary_large_image","twitter_misc":{"Tiempo de lectura":"3 minutos"},"schema":{"@context":"https:\/\/schema.org","@graph":[{"@type":"WebPage","@id":"https:\/\/elismurcia.com\/es\/noticias-escolares\/los-profesores-el-estetoscopio-de-la-realidad-estudiantil\/","url":"https:\/\/elismurcia.com\/es\/noticias-escolares\/los-profesores-el-estetoscopio-de-la-realidad-estudiantil\/","name":"Los profesores: El estetoscopio de la realidad estudiantil - ELIS El Limonar International British School Of Murcia","isPartOf":{"@id":"https:\/\/elismurcia.com\/es\/#website"},"primaryImageOfPage":{"@id":"https:\/\/elismurcia.com\/es\/noticias-escolares\/los-profesores-el-estetoscopio-de-la-realidad-estudiantil\/#primaryimage"},"image":{"@id":"https:\/\/elismurcia.com\/es\/noticias-escolares\/los-profesores-el-estetoscopio-de-la-realidad-estudiantil\/#primaryimage"},"thumbnailUrl":"https:\/\/elismurcia.com\/wp-content\/uploads\/sites\/110\/2024\/06\/Universidad-Camilo-Jose-Cela-4-e1718724336431.jpg","datePublished":"2024-06-18T15:37:14+00:00","dateModified":"2024-06-19T10:13:55+00:00","description":"Raquel S\u00e1nchez Nieto, Coordinadora de Espa\u00f1ol de Primaria en ELIS Murcia, particip\u00f3 en un evento en la Universidad Camilo Jos\u00e9 Cela","breadcrumb":{"@id":"https:\/\/elismurcia.com\/es\/noticias-escolares\/los-profesores-el-estetoscopio-de-la-realidad-estudiantil\/#breadcrumb"},"inLanguage":"es","potentialAction":[{"@type":"ReadAction","target":["https:\/\/elismurcia.com\/es\/noticias-escolares\/los-profesores-el-estetoscopio-de-la-realidad-estudiantil\/"]}]},{"@type":"ImageObject","inLanguage":"es","@id":"https:\/\/elismurcia.com\/es\/noticias-escolares\/los-profesores-el-estetoscopio-de-la-realidad-estudiantil\/#primaryimage","url":"https:\/\/elismurcia.com\/wp-content\/uploads\/sites\/110\/2024\/06\/Universidad-Camilo-Jose-Cela-4-e1718724336431.jpg","contentUrl":"https:\/\/elismurcia.com\/wp-content\/uploads\/sites\/110\/2024\/06\/Universidad-Camilo-Jose-Cela-4-e1718724336431.jpg","width":4032,"height":3024},{"@type":"BreadcrumbList","@id":"https:\/\/elismurcia.com\/es\/noticias-escolares\/los-profesores-el-estetoscopio-de-la-realidad-estudiantil\/#breadcrumb","itemListElement":[{"@type":"ListItem","position":1,"name":"Home","item":"https:\/\/elismurcia.com\/es\/"},{"@type":"ListItem","position":2,"name":"Noticias Escolares","item":"https:\/\/elismurcia.com\/es\/noticias-escolares\/"},{"@type":"ListItem","position":3,"name":"Los profesores: El estetoscopio de la realidad estudiantil"}]},{"@type":"WebSite","@id":"https:\/\/elismurcia.com\/es\/#website","url":"https:\/\/elismurcia.com\/es\/","name":"ELIS El Limonar International British School Of Murcia","description":"ELIS Murcia is part of the Cognita Schools Group","publisher":{"@id":"https:\/\/elismurcia.com\/es\/#organization"},"alternateName":"ELIS Murcia","potentialAction":[{"@type":"SearchAction","target":{"@type":"EntryPoint","urlTemplate":"https:\/\/elismurcia.com\/es\/?s={search_term_string}"},"query-input":{"@type":"PropertyValueSpecification","valueRequired":true,"valueName":"search_term_string"}}],"inLanguage":"es"},{"@type":"Organization","@id":"https:\/\/elismurcia.com\/es\/#organization","name":"El Limonar International British School Murcia","alternateName":"ELIS Murcia","url":"https:\/\/elismurcia.com\/es\/","logo":{"@type":"ImageObject","inLanguage":"es","@id":"https:\/\/elismurcia.com\/es\/#\/schema\/logo\/image\/","url":"https:\/\/elismurcia.com\/wp-content\/uploads\/sites\/110\/2024\/11\/LOGO-ELIS-MURCIA-COLOR.jpg","contentUrl":"https:\/\/elismurcia.com\/wp-content\/uploads\/sites\/110\/2024\/11\/LOGO-ELIS-MURCIA-COLOR.jpg","width":1240,"height":575,"caption":"El Limonar International British School Murcia"},"image":{"@id":"https:\/\/elismurcia.com\/es\/#\/schema\/logo\/image\/"}}]}},"jetpack_sharing_enabled":true,"_links":{"self":[{"href":"https:\/\/elismurcia.com\/es\/wp-json\/wp\/v2\/school_news\/77586","targetHints":{"allow":["GET"]}}],"collection":[{"href":"https:\/\/elismurcia.com\/es\/wp-json\/wp\/v2\/school_news"}],"about":[{"href":"https:\/\/elismurcia.com\/es\/wp-json\/wp\/v2\/types\/school_news"}],"author":[{"embeddable":true,"href":"https:\/\/elismurcia.com\/es\/wp-json\/wp\/v2\/users\/483"}],"version-history":[{"count":7,"href":"https:\/\/elismurcia.com\/es\/wp-json\/wp\/v2\/school_news\/77586\/revisions"}],"predecessor-version":[{"id":77600,"href":"https:\/\/elismurcia.com\/es\/wp-json\/wp\/v2\/school_news\/77586\/revisions\/77600"}],"wp:featuredmedia":[{"embeddable":true,"href":"https:\/\/elismurcia.com\/es\/wp-json\/wp\/v2\/media\/77580"}],"wp:attachment":[{"href":"https:\/\/elismurcia.com\/es\/wp-json\/wp\/v2\/media?parent=77586"}],"wp:term":[{"taxonomy":"news-category","embeddable":true,"href":"https:\/\/elismurcia.com\/es\/wp-json\/wp\/v2\/news-category?post=77586"},{"taxonomy":"news-tag","embeddable":true,"href":"https:\/\/elismurcia.com\/es\/wp-json\/wp\/v2\/news-tag?post=77586"}],"curies":[{"name":"wp","href":"https:\/\/api.w.org\/{rel}","templated":true}]}}