{"id":79556,"date":"2025-12-16T11:15:22","date_gmt":"2025-12-16T10:15:22","guid":{"rendered":"https:\/\/elismurcia.com\/?post_type=school_news&#038;p=79556"},"modified":"2025-12-16T11:21:53","modified_gmt":"2025-12-16T10:21:53","slug":"caritas-y-elis-murcia-vuelven-a-repartir-ilusion-esta-navidad","status":"publish","type":"school_news","link":"https:\/\/elismurcia.com\/es\/noticias-escolares\/caritas-y-elis-murcia-vuelven-a-repartir-ilusion-esta-navidad\/","title":{"rendered":"C\u00e1ritas y ELIS Murcia vuelven a repartir ilusi\u00f3n esta Navidad"},"content":{"rendered":"<div class=\"wpb-content-wrapper\"><p>[vc_row][vc_column][vc_column_text css=&#8221;&#8221;]Un a\u00f1o m\u00e1s, la comunidad educativa de <strong>ELIS Murcia<\/strong> ha demostrado su enorme compromiso solidario colaborando con <a href=\"https:\/\/www.caritasregiondemurcia.org\/\" target=\"_blank\" rel=\"noopener\"><strong>C\u00e1ritas Regi\u00f3n de Murcia<\/strong><\/a> en la campa\u00f1a navide\u00f1a de recogida de juguetes, enmarcada en el proyecto <strong>Taller del Juguete<\/strong>.<\/p>\n<p>Gracias a la implicaci\u00f3n de alumnos, familias y personal del colegio, se han donado numerosos juguetes de segunda mano en buen estado \u2014peluches, juegos de mesa, libros y mu\u00f1ecos\u2014 que ahora tendr\u00e1n una <strong>segunda vida<\/strong> y llegar\u00e1n a <strong>m\u00e1s de 2.300 ni\u00f1os y j\u00f3venes en situaci\u00f3n de vulnerabilidad<\/strong> en la Regi\u00f3n de Murcia.<\/p>\n<p>Los juguetes recogidos han sido trasladados al Taller del Juguete que C\u00e1ritas gestiona en Alcantarilla, donde son higienizados, restaurados y preparados con cuidado por mujeres que participan en programas de inserci\u00f3n sociolaboral. Posteriormente, se crean lotes personalizados que se distribuyen a trav\u00e9s de la red de parroquias de C\u00e1ritas.<\/p>\n<p>Esta iniciativa no solo lleva alegr\u00eda en Navidad, sino que tambi\u00e9n promueve valores fundamentales como la <strong>solidaridad, la sostenibilidad y el consumo responsable<\/strong>, reforzando el papel del colegio como agente educativo comprometido con su entorno.<\/p>\n<p>Desde <strong>ELIS Murcia<\/strong>, queremos dar las <strong>gracias a nuestra maravillosa comunidad educativa<\/strong> por volcarse, un a\u00f1o m\u00e1s, en esta acci\u00f3n solidaria que demuestra que, juntos, podemos marcar una diferencia real en la vida de muchas familias.[\/vc_column_text]<section  class=\"section  container-width    \" style=''>\n                        <div class=\"container-fluid pt-0\">       <div class=\"row m-0 align-items-center centerText\">\n                                <div class=\"col-sm-12 col-md-12 col-lg-10 mx-auto\">            <\/div>\n                            <\/div><div class=\"row m-0 mt-5\">\n                                <div class=\"col-md-11 col-lg-11 col-xl-12 mx-auto  p-0 px-md-3\">\n                                    <div class=\"component slick-carousel\">\n                                        <div class=\"component slick-carousel\">\n                                            <div class=\"slick-slider--with-icon slick-slider full--slider\"><div>\n                                               \n                                                    <div class=\"component single-img\">\n                                                        <div class=\"callout-img leftBottom-content\" style=\"background-image: url('https:\/\/elismurcia.com\/wp-content\/uploads\/sites\/110\/2025\/12\/ELIS-Murcia-y-Caritas-diciembre-2025-1.jpg');\">\n                                                        <\/div>                                \n                                                    <\/div>\n                                                    <div class=\"component sub-heading\">\n                                                        <figcaption><\/figcaption>\n                                                    <\/div>\n                                                <\/div><div>\n                                               \n                                                    <div class=\"component single-img\">\n                                                        <div class=\"callout-img leftBottom-content\" style=\"background-image: url('https:\/\/elismurcia.com\/wp-content\/uploads\/sites\/110\/2025\/12\/ELIS-Murcia-y-Caritas-diciembre-2025-2.jpg');\">\n                                                        <\/div>                                \n                                                    <\/div>\n                                                    <div class=\"component sub-heading\">\n                                                        <figcaption><\/figcaption>\n                                                    <\/div>\n                                                <\/div><div>\n                                               \n                                                    <div class=\"component single-img\">\n                                                        <div class=\"callout-img leftBottom-content\" style=\"background-image: url('https:\/\/elismurcia.com\/wp-content\/uploads\/sites\/110\/2025\/12\/ELIS-Murcia-y-Caritas-diciembre-2025-3.jpg');\">\n                                                        <\/div>                                \n                                                    <\/div>\n                                                    <div class=\"component sub-heading\">\n                                                        <figcaption><\/figcaption>\n                                                    <\/div>\n                                                <\/div><div>\n                                               \n                                                    <div class=\"component single-img\">\n                                                        <div class=\"callout-img leftBottom-content\" style=\"background-image: url('https:\/\/elismurcia.com\/wp-content\/uploads\/sites\/110\/2025\/12\/ELIS-Murcia-y-Caritas-diciembre-2025-4.jpg');\">\n                                                        <\/div>                                \n                                                    <\/div>\n                                                    <div class=\"component sub-heading\">\n                                                        <figcaption><\/figcaption>\n                                                    <\/div>\n                                                <\/div><div>\n                                               \n                                                    <div class=\"component single-img\">\n                                                        <div class=\"callout-img leftBottom-content\" style=\"background-image: url('https:\/\/elismurcia.com\/wp-content\/uploads\/sites\/110\/2025\/12\/ELIS-Murcia-y-Caritas-diciembre-2025-5.jpg');\">\n                                                        <\/div>                                \n                                                    <\/div>\n                                                    <div class=\"component sub-heading\">\n                                                        <figcaption><\/figcaption>\n                                                    <\/div>\n                                                <\/div><div>\n                                               \n                                                    <div class=\"component single-img\">\n                                                        <div class=\"callout-img leftBottom-content\" style=\"background-image: url('https:\/\/elismurcia.com\/wp-content\/uploads\/sites\/110\/2025\/12\/ELIS-Murcia-y-Caritas-diciembre-2025-6.jpg');\">\n                                                        <\/div>                                \n                                                    <\/div>\n                                                    <div class=\"component sub-heading\">\n                                                        <figcaption><\/figcaption>\n                                                    <\/div>\n                                                <\/div><div>\n                                               \n                                                    <div class=\"component single-img\">\n                                                        <div class=\"callout-img leftBottom-content\" style=\"background-image: url('https:\/\/elismurcia.com\/wp-content\/uploads\/sites\/110\/2025\/12\/ELIS-Murcia-y-Caritas-diciembre-2025-7.jpg');\">\n                                                        <\/div>                                \n                                                    <\/div>\n                                                    <div class=\"component sub-heading\">\n                                                        <figcaption><\/figcaption>\n                                                    <\/div>\n                                                <\/div><div>\n                                               \n                                                    <div class=\"component single-img\">\n                                                        <div class=\"callout-img leftBottom-content\" style=\"background-image: url('https:\/\/elismurcia.com\/wp-content\/uploads\/sites\/110\/2025\/12\/ELIS-Murcia-y-Caritas-diciembre-2025-8.jpg');\">\n                                                        <\/div>                                \n                                                    <\/div>\n                                                    <div class=\"component sub-heading\">\n                                                        <figcaption><\/figcaption>\n                                                    <\/div>\n                                                <\/div><div>\n                                               \n                                                    <div class=\"component single-img\">\n                                                        <div class=\"callout-img leftBottom-content\" style=\"background-image: url('https:\/\/elismurcia.com\/wp-content\/uploads\/sites\/110\/2025\/12\/ELIS-Murcia-y-Caritas-diciembre-2025-9.jpg');\">\n                                                        <\/div>                                \n                                                    <\/div>\n                                                    <div class=\"component sub-heading\">\n                                                        <figcaption><\/figcaption>\n                                                    <\/div>\n                                                <\/div><div>\n                                               \n                                                    <div class=\"component single-img\">\n                                                        <div class=\"callout-img leftBottom-content\" style=\"background-image: url('https:\/\/elismurcia.com\/wp-content\/uploads\/sites\/110\/2025\/12\/ELIS-Murcia-y-Caritas-diciembre-2025-10.jpg');\">\n                                                        <\/div>                                \n                                                    <\/div>\n                                                    <div class=\"component sub-heading\">\n                                                        <figcaption><\/figcaption>\n                                                    <\/div>\n                                                <\/div><\/div>\n                                        <\/div>\n                                    <\/div>\n                                <\/div>\n                            <\/div>\n                        <\/div>\n    \n                    <\/section>[\/vc_column][\/vc_row]<\/p>\n<\/div>","protected":false},"excerpt":{"rendered":"<p>Un a\u00f1o m\u00e1s, la comunidad educativa de ELIS Murcia ha demostrado su enorme compromiso solidario colaborando con C\u00e1ritas Regi\u00f3n de Murcia en la campa\u00f1a navide\u00f1a de recogida de juguetes, enmarcada en el proyecto Taller del Juguete.<\/p>\n","protected":false},"author":483,"featured_media":79542,"parent":0,"menu_order":0,"template":"","meta":{"_acf_changed":false,"footnotes":""},"news-category":[],"news-tag":[],"class_list":["post-79556","school_news","type-school_news","status-publish","has-post-thumbnail","hentry"],"acf":[],"yoast_head":"<!-- This site is optimized with the Yoast SEO plugin v26.5 - https:\/\/yoast.com\/wordpress\/plugins\/seo\/ -->\n<title>C\u00e1ritas y ELIS Murcia vuelven a repartir ilusi\u00f3n esta Navidad - ELIS El Limonar International British School Of Murcia<\/title>\n<meta name=\"description\" content=\"Un a\u00f1o m\u00e1s, la comunidad educativa de ELIS Murcia ha demostrado su enorme compromiso solidario colaborando con C\u00e1ritas Regi\u00f3n de Murcia\" \/>\n<meta name=\"robots\" content=\"index, follow, max-snippet:-1, max-image-preview:large, max-video-preview:-1\" \/>\n<link rel=\"canonical\" href=\"https:\/\/elismurcia.com\/es\/noticias-escolares\/caritas-y-elis-murcia-vuelven-a-repartir-ilusion-esta-navidad\/\" \/>\n<meta property=\"og:locale\" content=\"es_ES\" \/>\n<meta property=\"og:type\" content=\"article\" \/>\n<meta property=\"og:title\" content=\"C\u00e1ritas y ELIS Murcia vuelven a repartir ilusi\u00f3n esta Navidad\" \/>\n<meta property=\"og:description\" content=\"Un a\u00f1o m\u00e1s, la comunidad educativa de ELIS Murcia ha demostrado su enorme compromiso solidario colaborando con C\u00e1ritas Regi\u00f3n de Murcia\" \/>\n<meta property=\"og:url\" content=\"https:\/\/elismurcia.com\/es\/noticias-escolares\/caritas-y-elis-murcia-vuelven-a-repartir-ilusion-esta-navidad\/\" \/>\n<meta property=\"og:site_name\" content=\"ELIS El Limonar International British School Of Murcia\" \/>\n<meta property=\"article:modified_time\" content=\"2025-12-16T10:21:53+00:00\" \/>\n<meta property=\"og:image\" content=\"https:\/\/elismurcia.com\/wp-content\/uploads\/sites\/110\/2025\/12\/ELIS-Murcia-y-Caritas-diciembre-2025-4.jpg\" \/>\n\t<meta property=\"og:image:width\" content=\"5650\" \/>\n\t<meta property=\"og:image:height\" content=\"3767\" \/>\n\t<meta property=\"og:image:type\" content=\"image\/jpeg\" \/>\n<meta name=\"twitter:card\" content=\"summary_large_image\" \/>\n<meta name=\"twitter:label1\" content=\"Tiempo de lectura\" \/>\n\t<meta name=\"twitter:data1\" content=\"2 minutos\" \/>\n<!-- \/ Yoast SEO plugin. -->","yoast_head_json":{"title":"C\u00e1ritas y ELIS Murcia vuelven a repartir ilusi\u00f3n esta Navidad - ELIS El Limonar International British School Of Murcia","description":"Un a\u00f1o m\u00e1s, la comunidad educativa de ELIS Murcia ha demostrado su enorme compromiso solidario colaborando con C\u00e1ritas Regi\u00f3n de Murcia","robots":{"index":"index","follow":"follow","max-snippet":"max-snippet:-1","max-image-preview":"max-image-preview:large","max-video-preview":"max-video-preview:-1"},"canonical":"https:\/\/elismurcia.com\/es\/noticias-escolares\/caritas-y-elis-murcia-vuelven-a-repartir-ilusion-esta-navidad\/","og_locale":"es_ES","og_type":"article","og_title":"C\u00e1ritas y ELIS Murcia vuelven a repartir ilusi\u00f3n esta Navidad","og_description":"Un a\u00f1o m\u00e1s, la comunidad educativa de ELIS Murcia ha demostrado su enorme compromiso solidario colaborando con C\u00e1ritas Regi\u00f3n de Murcia","og_url":"https:\/\/elismurcia.com\/es\/noticias-escolares\/caritas-y-elis-murcia-vuelven-a-repartir-ilusion-esta-navidad\/","og_site_name":"ELIS El Limonar International British School Of Murcia","article_modified_time":"2025-12-16T10:21:53+00:00","og_image":[{"width":5650,"height":3767,"url":"https:\/\/elismurcia.com\/wp-content\/uploads\/sites\/110\/2025\/12\/ELIS-Murcia-y-Caritas-diciembre-2025-4.jpg","type":"image\/jpeg"}],"twitter_card":"summary_large_image","twitter_misc":{"Tiempo de lectura":"2 minutos"},"schema":{"@context":"https:\/\/schema.org","@graph":[{"@type":"WebPage","@id":"https:\/\/elismurcia.com\/es\/noticias-escolares\/caritas-y-elis-murcia-vuelven-a-repartir-ilusion-esta-navidad\/","url":"https:\/\/elismurcia.com\/es\/noticias-escolares\/caritas-y-elis-murcia-vuelven-a-repartir-ilusion-esta-navidad\/","name":"C\u00e1ritas y ELIS Murcia vuelven a repartir ilusi\u00f3n esta Navidad - ELIS El Limonar International British School Of Murcia","isPartOf":{"@id":"https:\/\/elismurcia.com\/es\/#website"},"primaryImageOfPage":{"@id":"https:\/\/elismurcia.com\/es\/noticias-escolares\/caritas-y-elis-murcia-vuelven-a-repartir-ilusion-esta-navidad\/#primaryimage"},"image":{"@id":"https:\/\/elismurcia.com\/es\/noticias-escolares\/caritas-y-elis-murcia-vuelven-a-repartir-ilusion-esta-navidad\/#primaryimage"},"thumbnailUrl":"https:\/\/elismurcia.com\/wp-content\/uploads\/sites\/110\/2025\/12\/ELIS-Murcia-y-Caritas-diciembre-2025-4.jpg","datePublished":"2025-12-16T10:15:22+00:00","dateModified":"2025-12-16T10:21:53+00:00","description":"Un a\u00f1o m\u00e1s, la comunidad educativa de ELIS Murcia ha demostrado su enorme compromiso solidario colaborando con C\u00e1ritas Regi\u00f3n de Murcia","breadcrumb":{"@id":"https:\/\/elismurcia.com\/es\/noticias-escolares\/caritas-y-elis-murcia-vuelven-a-repartir-ilusion-esta-navidad\/#breadcrumb"},"inLanguage":"es","potentialAction":[{"@type":"ReadAction","target":["https:\/\/elismurcia.com\/es\/noticias-escolares\/caritas-y-elis-murcia-vuelven-a-repartir-ilusion-esta-navidad\/"]}]},{"@type":"ImageObject","inLanguage":"es","@id":"https:\/\/elismurcia.com\/es\/noticias-escolares\/caritas-y-elis-murcia-vuelven-a-repartir-ilusion-esta-navidad\/#primaryimage","url":"https:\/\/elismurcia.com\/wp-content\/uploads\/sites\/110\/2025\/12\/ELIS-Murcia-y-Caritas-diciembre-2025-4.jpg","contentUrl":"https:\/\/elismurcia.com\/wp-content\/uploads\/sites\/110\/2025\/12\/ELIS-Murcia-y-Caritas-diciembre-2025-4.jpg","width":5650,"height":3767},{"@type":"BreadcrumbList","@id":"https:\/\/elismurcia.com\/es\/noticias-escolares\/caritas-y-elis-murcia-vuelven-a-repartir-ilusion-esta-navidad\/#breadcrumb","itemListElement":[{"@type":"ListItem","position":1,"name":"Home","item":"https:\/\/elismurcia.com\/es\/"},{"@type":"ListItem","position":2,"name":"Noticias Escolares","item":"https:\/\/elismurcia.com\/es\/noticias-escolares\/"},{"@type":"ListItem","position":3,"name":"C\u00e1ritas y ELIS Murcia vuelven a repartir ilusi\u00f3n esta Navidad"}]},{"@type":"WebSite","@id":"https:\/\/elismurcia.com\/es\/#website","url":"https:\/\/elismurcia.com\/es\/","name":"ELIS El Limonar International British School Of Murcia","description":"ELIS Murcia is part of the Cognita Schools Group","publisher":{"@id":"https:\/\/elismurcia.com\/es\/#organization"},"alternateName":"ELIS Murcia","potentialAction":[{"@type":"SearchAction","target":{"@type":"EntryPoint","urlTemplate":"https:\/\/elismurcia.com\/es\/?s={search_term_string}"},"query-input":{"@type":"PropertyValueSpecification","valueRequired":true,"valueName":"search_term_string"}}],"inLanguage":"es"},{"@type":"Organization","@id":"https:\/\/elismurcia.com\/es\/#organization","name":"El Limonar International British School Murcia","alternateName":"ELIS Murcia","url":"https:\/\/elismurcia.com\/es\/","logo":{"@type":"ImageObject","inLanguage":"es","@id":"https:\/\/elismurcia.com\/es\/#\/schema\/logo\/image\/","url":"https:\/\/elismurcia.com\/wp-content\/uploads\/sites\/110\/2024\/11\/LOGO-ELIS-MURCIA-COLOR.jpg","contentUrl":"https:\/\/elismurcia.com\/wp-content\/uploads\/sites\/110\/2024\/11\/LOGO-ELIS-MURCIA-COLOR.jpg","width":1240,"height":575,"caption":"El Limonar International British School Murcia"},"image":{"@id":"https:\/\/elismurcia.com\/es\/#\/schema\/logo\/image\/"}}]}},"jetpack_sharing_enabled":true,"_links":{"self":[{"href":"https:\/\/elismurcia.com\/es\/wp-json\/wp\/v2\/school_news\/79556","targetHints":{"allow":["GET"]}}],"collection":[{"href":"https:\/\/elismurcia.com\/es\/wp-json\/wp\/v2\/school_news"}],"about":[{"href":"https:\/\/elismurcia.com\/es\/wp-json\/wp\/v2\/types\/school_news"}],"author":[{"embeddable":true,"href":"https:\/\/elismurcia.com\/es\/wp-json\/wp\/v2\/users\/483"}],"version-history":[{"count":1,"href":"https:\/\/elismurcia.com\/es\/wp-json\/wp\/v2\/school_news\/79556\/revisions"}],"predecessor-version":[{"id":79557,"href":"https:\/\/elismurcia.com\/es\/wp-json\/wp\/v2\/school_news\/79556\/revisions\/79557"}],"wp:featuredmedia":[{"embeddable":true,"href":"https:\/\/elismurcia.com\/es\/wp-json\/wp\/v2\/media\/79542"}],"wp:attachment":[{"href":"https:\/\/elismurcia.com\/es\/wp-json\/wp\/v2\/media?parent=79556"}],"wp:term":[{"taxonomy":"news-category","embeddable":true,"href":"https:\/\/elismurcia.com\/es\/wp-json\/wp\/v2\/news-category?post=79556"},{"taxonomy":"news-tag","embeddable":true,"href":"https:\/\/elismurcia.com\/es\/wp-json\/wp\/v2\/news-tag?post=79556"}],"curies":[{"name":"wp","href":"https:\/\/api.w.org\/{rel}","templated":true}]}}